{"id":1738,"date":"2024-11-19T13:12:48","date_gmt":"2024-11-19T11:12:48","guid":{"rendered":"http:\/\/gegenstein.de\/?p=1738"},"modified":"2024-11-19T13:12:48","modified_gmt":"2024-11-19T11:12:48","slug":"der-fisch-stinkt-vom-kopf-her-2","status":"publish","type":"post","link":"http:\/\/gegenstein.de\/?p=1738","title":{"rendered":"DER FISCH STINKT VOM KOPF HER"},"content":{"rendered":"<p><a href=\"http:\/\/gegenstein.de\/wp-content\/uploads\/2024\/11\/der-Fisch-stinkt-vom-Kopf-her-scaled.jpg\"><img loading=\"lazy\" decoding=\"async\" class=\"alignleft size-large wp-image-1740\" src=\"http:\/\/gegenstein.de\/wp-content\/uploads\/2024\/11\/der-Fisch-stinkt-vom-Kopf-her-1024x873.jpg\" alt=\"\" width=\"510\" height=\"435\" srcset=\"http:\/\/gegenstein.de\/wp-content\/uploads\/2024\/11\/der-Fisch-stinkt-vom-Kopf-her-1024x873.jpg 1024w, http:\/\/gegenstein.de\/wp-content\/uploads\/2024\/11\/der-Fisch-stinkt-vom-Kopf-her-300x256.jpg 300w, http:\/\/gegenstein.de\/wp-content\/uploads\/2024\/11\/der-Fisch-stinkt-vom-Kopf-her-768x655.jpg 768w, http:\/\/gegenstein.de\/wp-content\/uploads\/2024\/11\/der-Fisch-stinkt-vom-Kopf-her-1536x1310.jpg 1536w, http:\/\/gegenstein.de\/wp-content\/uploads\/2024\/11\/der-Fisch-stinkt-vom-Kopf-her-2048x1746.jpg 2048w\" sizes=\"auto, (max-width: 510px) 100vw, 510px\" \/><\/a><strong>&#8222;DER FISCH STINKT VOM KOPF HER&#8220;&nbsp;&nbsp; <\/strong>2024<\/p>\n<p>Acryl auf Leinwand<\/p>\n<p>170 x 145 cm<\/p>\n<p>&nbsp;<\/p>\n<p><strong>DIE ROTE LINIE IST \u00dcBERSCHRITTEN<\/strong><br \/>\nDie konservative Mitte, die seit dem zweiten Weltkrieg ununterbrochen regiert, verharrt in der Zeit des &#8222;Wirtschaftswunders&#8220; und tr\u00e4umt immer noch von ewigem Wachstum. L\u00e4ngst ist der Mangel \u00fcberwunden und wir leben l\u00e4ngst in einer \u00dcberflussgesellschaft, die ein anderes Denken und Handeln erfordert. Politik und Wirtschaft sprechen von Innovation und stellen uns t\u00e4glich neue Konzepte vor, die unseren Energiehunger befriedigen und die M\u00fcllberge und Umweltsch\u00e4den beseitigen sollen. Tats\u00e4chlich k\u00f6nnen sie uns aber keine L\u00f6sungen f\u00fcr die dr\u00e4ngenden Probleme anbieten und weigern sich hartn\u00e4ckig das Wirtschaftssystem an die Realit\u00e4t anzupassen. Das f\u00fchrt dazu, dass wieder einmal mehr und mehr B\u00fcrger, trotz besseren Wissens, ihre Hoffnung auf rechte Demagogen setzen.<\/p>\n","protected":false},"excerpt":{"rendered":"<p>&#8222;DER FISCH STINKT VOM KOPF HER&#8220;&nbsp;&nbsp; 2024 Acryl auf Leinwand 170 x 145 cm &nbsp; DIE ROTE LINIE IST \u00dcBERSCHRITTEN Die konservative Mitte, die seit dem zweiten Weltkrieg ununterbrochen regiert, verharrt in der Zeit des &#8222;Wirtschaftswunders&#8220; und tr\u00e4umt immer noch von ewigem Wachstum. L\u00e4ngst ist der Mangel \u00fcberwunden und wir leben l\u00e4ngst in einer \u00dcberflussgesellschaft, [&hellip;]<\/p>\n","protected":false},"author":1,"featured_media":0,"comment_status":"open","ping_status":"open","sticky":false,"template":"","format":"standard","meta":{"ngg_post_thumbnail":0,"footnotes":""},"categories":[6,9,7],"tags":[45,11,33],"class_list":["post-1738","post","type-post","status-publish","format-standard","hentry","category-bilder","category-inspirationen","category-kuenstler","tag-acryl","tag-bilder-2","tag-klaus-stein"],"_links":{"self":[{"href":"http:\/\/gegenstein.de\/index.php?rest_route=\/wp\/v2\/posts\/1738","targetHints":{"allow":["GET"]}}],"collection":[{"href":"http:\/\/gegenstein.de\/index.php?rest_route=\/wp\/v2\/posts"}],"about":[{"href":"http:\/\/gegenstein.de\/index.php?rest_route=\/wp\/v2\/types\/post"}],"author":[{"embeddable":true,"href":"http:\/\/gegenstein.de\/index.php?rest_route=\/wp\/v2\/users\/1"}],"replies":[{"embeddable":true,"href":"http:\/\/gegenstein.de\/index.php?rest_route=%2Fwp%2Fv2%2Fcomments&post=1738"}],"version-history":[{"count":8,"href":"http:\/\/gegenstein.de\/index.php?rest_route=\/wp\/v2\/posts\/1738\/revisions"}],"predecessor-version":[{"id":1749,"href":"http:\/\/gegenstein.de\/index.php?rest_route=\/wp\/v2\/posts\/1738\/revisions\/1749"}],"wp:attachment":[{"href":"http:\/\/gegenstein.de\/index.php?rest_route=%2Fwp%2Fv2%2Fmedia&parent=1738"}],"wp:term":[{"taxonomy":"category","embeddable":true,"href":"http:\/\/gegenstein.de\/index.php?rest_route=%2Fwp%2Fv2%2Fcategories&post=1738"},{"taxonomy":"post_tag","embeddable":true,"href":"http:\/\/gegenstein.de\/index.php?rest_route=%2Fwp%2Fv2%2Ftags&post=1738"}],"curies":[{"name":"wp","href":"https:\/\/api.w.org\/{rel}","templated":true}]}}