{"id":1687,"date":"2024-07-10T10:00:20","date_gmt":"2024-07-10T08:00:20","guid":{"rendered":"http:\/\/gegenstein.de\/?p=1687"},"modified":"2024-08-12T11:13:01","modified_gmt":"2024-08-12T09:13:01","slug":"irre","status":"publish","type":"post","link":"http:\/\/gegenstein.de\/?p=1687","title":{"rendered":"IRRE"},"content":{"rendered":"<p><a href=\"http:\/\/gegenstein.de\/wp-content\/uploads\/2024\/07\/Irre-Zeiten-1-Kopie-scaled.jpg\"><img loading=\"lazy\" decoding=\"async\" class=\"wp-image-1650 size-large\" src=\"http:\/\/gegenstein.de\/wp-content\/uploads\/2024\/07\/Irre-Zeiten-1-Kopie-1024x876.jpg\" alt=\"\" width=\"510\" height=\"436\" srcset=\"http:\/\/gegenstein.de\/wp-content\/uploads\/2024\/07\/Irre-Zeiten-1-Kopie-1024x876.jpg 1024w, http:\/\/gegenstein.de\/wp-content\/uploads\/2024\/07\/Irre-Zeiten-1-Kopie-300x257.jpg 300w, http:\/\/gegenstein.de\/wp-content\/uploads\/2024\/07\/Irre-Zeiten-1-Kopie-768x657.jpg 768w, http:\/\/gegenstein.de\/wp-content\/uploads\/2024\/07\/Irre-Zeiten-1-Kopie-1536x1313.jpg 1536w, http:\/\/gegenstein.de\/wp-content\/uploads\/2024\/07\/Irre-Zeiten-1-Kopie-2048x1751.jpg 2048w\" sizes=\"auto, (max-width: 510px) 100vw, 510px\" \/><\/a><\/p>\n<p><strong>&#8222;IRRE&#8220;<\/strong> 2024<\/p>\n<p>Acryl auf Leinwand<\/p>\n<p>170 x 145 cm<\/p>\n<p>&nbsp;<\/p>\n<p><strong>IRRE ZEITEN<\/strong><br \/>\n&nbsp;<\/p>\n<p>Ich steh neben mir. Die Zeit spielt verr\u00fcckt.<br \/>\nIch bin gut gekleidet, aber bedr\u00fcckt.<\/p>\n<p>Das ganze Gelaber macht mich nur m\u00fcde.<br \/>\nNichts als Bl\u00f6dsinn, alles nur L\u00fcge.<\/p>\n<p>Ich lache m\u00fcde, Harmonie brauch ich nicht.<br \/>\nHarmonie erm\u00fcdet und versperrt die Sicht.<\/p>\n<p><!--more-->Ich geh voran und komm nicht an.<br \/>\nIch muss was \u00e4ndern, aber wann?<\/p>\n<p>Ich tu was ich will und was ich kann.<br \/>\nEs reicht nicht, dieses ewige irgendwann.<\/p>\n<p>Ich lache m\u00fcde, was f\u00fcr eine Welt.<br \/>\nWas k\u00fcmmert\u00b4 s mich, wenn irgend ein K\u00f6ter bellt.<\/p>\n<p>Du sagst, es ist doch gut.<br \/>\nNicht f\u00fcr mich, ich geh, mich packt die Wut.<\/p>\n<p>Wei\u00df wird schwarz. Es ist bald so weit.<br \/>\nDann wird schwarz wei\u00df, ich bin bereit.<\/p>\n<p>Die Faust geballt. Es herrscht Gewalt.<br \/>\nDie Dummheit regiert. So ist das halt.<\/p>\n<p>Ich lache m\u00fcde, genie\u00dfe den Sonnenschein<br \/>\nund gl\u00fccklich werd ich wohl nicht sein.<\/p>\n<p>&nbsp;<\/p>\n<p><!--more--><\/p>\n<p><a href=\"http:\/\/gegenstein.de\/wp-content\/uploads\/2024\/07\/Irre10.jpg\"><img loading=\"lazy\" decoding=\"async\" class=\"alignleft size-large wp-image-1696\" src=\"http:\/\/gegenstein.de\/wp-content\/uploads\/2024\/07\/Irre10-1024x710.jpg\" alt=\"\" width=\"510\" height=\"354\" srcset=\"http:\/\/gegenstein.de\/wp-content\/uploads\/2024\/07\/Irre10-1024x710.jpg 1024w, http:\/\/gegenstein.de\/wp-content\/uploads\/2024\/07\/Irre10-300x208.jpg 300w, http:\/\/gegenstein.de\/wp-content\/uploads\/2024\/07\/Irre10-768x533.jpg 768w, http:\/\/gegenstein.de\/wp-content\/uploads\/2024\/07\/Irre10-1536x1065.jpg 1536w, http:\/\/gegenstein.de\/wp-content\/uploads\/2024\/07\/Irre10.jpg 1645w\" sizes=\"auto, (max-width: 510px) 100vw, 510px\" \/><\/a><br \/>\nVorstellung des Bildes im Findlingspark (Henzendorf\/Reicherskreuz)<\/p>\n","protected":false},"excerpt":{"rendered":"<p>&#8222;IRRE&#8220; 2024 Acryl auf Leinwand 170 x 145 cm &nbsp; IRRE ZEITEN &nbsp; Ich steh neben mir. Die Zeit spielt verr\u00fcckt. Ich bin gut gekleidet, aber bedr\u00fcckt. Das ganze Gelaber macht mich nur m\u00fcde. Nichts als Bl\u00f6dsinn, alles nur L\u00fcge. Ich lache m\u00fcde, Harmonie brauch ich nicht. Harmonie erm\u00fcdet und versperrt die Sicht.<\/p>\n","protected":false},"author":1,"featured_media":0,"comment_status":"open","ping_status":"open","sticky":false,"template":"","format":"standard","meta":{"ngg_post_thumbnail":0,"footnotes":""},"categories":[6,9,7],"tags":[45,11,33],"class_list":["post-1687","post","type-post","status-publish","format-standard","hentry","category-bilder","category-inspirationen","category-kuenstler","tag-acryl","tag-bilder-2","tag-klaus-stein"],"_links":{"self":[{"href":"http:\/\/gegenstein.de\/index.php?rest_route=\/wp\/v2\/posts\/1687","targetHints":{"allow":["GET"]}}],"collection":[{"href":"http:\/\/gegenstein.de\/index.php?rest_route=\/wp\/v2\/posts"}],"about":[{"href":"http:\/\/gegenstein.de\/index.php?rest_route=\/wp\/v2\/types\/post"}],"author":[{"embeddable":true,"href":"http:\/\/gegenstein.de\/index.php?rest_route=\/wp\/v2\/users\/1"}],"replies":[{"embeddable":true,"href":"http:\/\/gegenstein.de\/index.php?rest_route=%2Fwp%2Fv2%2Fcomments&post=1687"}],"version-history":[{"count":12,"href":"http:\/\/gegenstein.de\/index.php?rest_route=\/wp\/v2\/posts\/1687\/revisions"}],"predecessor-version":[{"id":1708,"href":"http:\/\/gegenstein.de\/index.php?rest_route=\/wp\/v2\/posts\/1687\/revisions\/1708"}],"wp:attachment":[{"href":"http:\/\/gegenstein.de\/index.php?rest_route=%2Fwp%2Fv2%2Fmedia&parent=1687"}],"wp:term":[{"taxonomy":"category","embeddable":true,"href":"http:\/\/gegenstein.de\/index.php?rest_route=%2Fwp%2Fv2%2Fcategories&post=1687"},{"taxonomy":"post_tag","embeddable":true,"href":"http:\/\/gegenstein.de\/index.php?rest_route=%2Fwp%2Fv2%2Ftags&post=1687"}],"curies":[{"name":"wp","href":"https:\/\/api.w.org\/{rel}","templated":true}]}}