{"id":1578,"date":"2022-08-29T13:36:54","date_gmt":"2022-08-29T11:36:54","guid":{"rendered":"http:\/\/gegenstein.de\/?p=1578"},"modified":"2023-03-27T15:24:36","modified_gmt":"2023-03-27T13:24:36","slug":"macht-macht-ohnmacht","status":"publish","type":"post","link":"http:\/\/gegenstein.de\/?p=1578","title":{"rendered":"MACHT mACHT OHNMACHT"},"content":{"rendered":"<figure class=\"wp-block-gallery columns-1 is-cropped\">\r\n<ul class=\"blocks-gallery-grid\">\r\n<li class=\"blocks-gallery-item\">\r\n<figure><a href=\"http:\/\/gegenstein.de\/wp-content\/uploads\/2022\/08\/Macht6.jpg\"><img loading=\"lazy\" decoding=\"async\" class=\"aligncenter wp-image-1574 size-full\" src=\"http:\/\/gegenstein.de\/wp-content\/uploads\/2022\/08\/Macht6.jpg\" alt=\"\" data-id=\"1555\" data-full-url=\"http:\/\/gegenstein.de\/wp-content\/uploads\/2021\/11\/die-15-Grad-Luege-1.jpg\" data-link=\"http:\/\/gegenstein.de\/?attachment_id=1555\" width=\"2067\" height=\"1776\" srcset=\"http:\/\/gegenstein.de\/wp-content\/uploads\/2022\/08\/Macht6.jpg 2067w, http:\/\/gegenstein.de\/wp-content\/uploads\/2022\/08\/Macht6-300x258.jpg 300w, http:\/\/gegenstein.de\/wp-content\/uploads\/2022\/08\/Macht6-1024x880.jpg 1024w, http:\/\/gegenstein.de\/wp-content\/uploads\/2022\/08\/Macht6-768x660.jpg 768w, http:\/\/gegenstein.de\/wp-content\/uploads\/2022\/08\/Macht6-1536x1320.jpg 1536w, http:\/\/gegenstein.de\/wp-content\/uploads\/2022\/08\/Macht6-2048x1760.jpg 2048w\" sizes=\"auto, (max-width: 2067px) 100vw, 2067px\" \/><\/a><\/figure>\r\n<\/li>\r\n<\/ul>\r\n<\/figure>\r\n<!-- \/wp:post-content -->\r\n\r\n<!-- wp:paragraph -->\r\n<p>&#8222;<b>MACHT mACHT OHNMACHT<\/b>&#8220; 2022<\/p>\r\n<!-- \/wp:paragraph -->\r\n\r\n<!-- wp:paragraph -->\r\n<p>Acryl auf Leinwand<\/p>\r\n<!-- \/wp:paragraph -->\r\n\r\n<!-- wp:paragraph -->\r\n<p>170 x 145 cm<\/p>\r\n<p>&#8222;Wenn doch die Ber\u00fchrung, der Zusammensto\u00df mit der Dummheit, seit jeher zu den schmerzhaftesten Erfahrungen des Menschen geh\u00f6rt, warum widmet man ihr dann nicht mehr Aufmerksamkeit?&#8220; So hat es Ortega sinngem\u00e4\u00df formuliert. <!--more--><\/p>\r\n<p>Wenn es dumm ist, sich und Anderen Leid zuzuf\u00fcgen, warum tun wir es dann und zwar in erschreckend zunehmendem Ma\u00dfe?<br>Warum k\u00f6nnen wir das nicht verhindern?<\/p>\r\n<p>Ob wir brav w\u00e4hlen gehen und borniert das demokratische F\u00e4hnchen schwenken, oder gr\u00f6lend, oder unwillig einem Despoten folgen, macht ganz offensichtlich nicht den entscheidenden Unterschied.<\/p>\r\n<p>Die Antwort auf diese Fragen wird jeder von uns, ganz allein, tief in seinem Inneren suchen m\u00fcssen, und zwar bevor es zu sp\u00e4t ist!<\/p>\r\n<!-- \/wp:paragraph -->\r\n\r\n<!-- wp:paragraph \/-->\r\n\r\n<!-- wp:paragraph \/-->\r\n\r\n<!-- wp:paragraph -->\r\n<p>&nbsp;&nbsp;&nbsp;&nbsp;&nbsp;&nbsp;&nbsp;&nbsp;&nbsp;&nbsp;&nbsp;&nbsp;&nbsp;&nbsp;&nbsp;&nbsp;&nbsp;&nbsp;&nbsp;&nbsp;&nbsp;&nbsp;&nbsp;&nbsp;&nbsp;&nbsp;&nbsp;&nbsp;&nbsp;&nbsp;&nbsp;&nbsp;&nbsp;&nbsp;&nbsp;&nbsp;&nbsp;&nbsp;&nbsp;&nbsp;&nbsp;&nbsp;&nbsp;&nbsp;&nbsp;&nbsp;&nbsp;&nbsp;&nbsp;&nbsp;&nbsp;&nbsp;&nbsp;&nbsp;&nbsp;&nbsp;&nbsp;&nbsp;&nbsp;&nbsp;&nbsp;&nbsp;&nbsp;&nbsp; Es gilt das gesprochene Wort<\/p>","protected":false},"excerpt":{"rendered":"<p>&#8222;MACHT mACHT OHNMACHT&#8220; 2022 Acryl auf Leinwand 170 x 145 cm &#8222;Wenn doch die Ber\u00fchrung, der Zusammensto\u00df mit der Dummheit, seit jeher zu den schmerzhaftesten Erfahrungen des Menschen geh\u00f6rt, warum widmet man ihr dann nicht mehr Aufmerksamkeit?&#8220; So hat es Ortega sinngem\u00e4\u00df formuliert.<\/p>\n","protected":false},"author":1,"featured_media":0,"comment_status":"open","ping_status":"open","sticky":false,"template":"","format":"standard","meta":{"ngg_post_thumbnail":0,"footnotes":""},"categories":[6],"tags":[45,11,33],"class_list":["post-1578","post","type-post","status-publish","format-standard","hentry","category-bilder","tag-acryl","tag-bilder-2","tag-klaus-stein"],"_links":{"self":[{"href":"http:\/\/gegenstein.de\/index.php?rest_route=\/wp\/v2\/posts\/1578","targetHints":{"allow":["GET"]}}],"collection":[{"href":"http:\/\/gegenstein.de\/index.php?rest_route=\/wp\/v2\/posts"}],"about":[{"href":"http:\/\/gegenstein.de\/index.php?rest_route=\/wp\/v2\/types\/post"}],"author":[{"embeddable":true,"href":"http:\/\/gegenstein.de\/index.php?rest_route=\/wp\/v2\/users\/1"}],"replies":[{"embeddable":true,"href":"http:\/\/gegenstein.de\/index.php?rest_route=%2Fwp%2Fv2%2Fcomments&post=1578"}],"version-history":[{"count":3,"href":"http:\/\/gegenstein.de\/index.php?rest_route=\/wp\/v2\/posts\/1578\/revisions"}],"predecessor-version":[{"id":1595,"href":"http:\/\/gegenstein.de\/index.php?rest_route=\/wp\/v2\/posts\/1578\/revisions\/1595"}],"wp:attachment":[{"href":"http:\/\/gegenstein.de\/index.php?rest_route=%2Fwp%2Fv2%2Fmedia&parent=1578"}],"wp:term":[{"taxonomy":"category","embeddable":true,"href":"http:\/\/gegenstein.de\/index.php?rest_route=%2Fwp%2Fv2%2Fcategories&post=1578"},{"taxonomy":"post_tag","embeddable":true,"href":"http:\/\/gegenstein.de\/index.php?rest_route=%2Fwp%2Fv2%2Ftags&post=1578"}],"curies":[{"name":"wp","href":"https:\/\/api.w.org\/{rel}","templated":true}]}}