{"id":1241,"date":"2019-03-27T08:55:56","date_gmt":"2019-03-27T07:55:56","guid":{"rendered":"http:\/\/gegenstein.de\/?p=1241"},"modified":"2019-03-27T08:55:56","modified_gmt":"2019-03-27T07:55:56","slug":"downing-street-blues","status":"publish","type":"post","link":"http:\/\/gegenstein.de\/?p=1241","title":{"rendered":"Downing Street Blues"},"content":{"rendered":"<p><a href=\"http:\/\/gegenstein.de\/wp-content\/uploads\/2019\/03\/DOWNING-STREET-BLUES.jpg\"><img loading=\"lazy\" decoding=\"async\" class=\"alignleft size-medium wp-image-1242\" src=\"http:\/\/gegenstein.de\/wp-content\/uploads\/2019\/03\/DOWNING-STREET-BLUES-300x255.jpg\" alt=\"\" width=\"300\" height=\"255\" srcset=\"http:\/\/gegenstein.de\/wp-content\/uploads\/2019\/03\/DOWNING-STREET-BLUES-300x255.jpg 300w, http:\/\/gegenstein.de\/wp-content\/uploads\/2019\/03\/DOWNING-STREET-BLUES-768x652.jpg 768w, http:\/\/gegenstein.de\/wp-content\/uploads\/2019\/03\/DOWNING-STREET-BLUES-1024x869.jpg 1024w, http:\/\/gegenstein.de\/wp-content\/uploads\/2019\/03\/DOWNING-STREET-BLUES.jpg 1986w\" sizes=\"auto, (max-width: 300px) 100vw, 300px\" \/><\/a><\/p>\n<p>&nbsp;<\/p>\n<p><strong>DOWNING STREET BLUES<\/strong><\/p>\n<p>2019<\/p>\n<p>170 x 145 cm<\/p>\n<p>Acryl auf Leinwand<\/p>\n<p>&nbsp;<\/p>\n<p>&nbsp;<\/p>\n<p>&nbsp;<\/p>\n<p>&#8222;EUROPA, eine gro\u00dfartige Idee, verkommt im kleingeistigen Morast eitler<br \/>\nSelbstdarstellung.<br \/>\nAls b\u00fcrgerfreundliche Gemeinschaft gegr\u00fcndet und dem neoliberalen<br \/>\nEgoismus geopfert&#8220;.<\/p>\n","protected":false},"excerpt":{"rendered":"<p>&nbsp; DOWNING STREET BLUES 2019 170 x 145 cm Acryl auf Leinwand &nbsp; &nbsp; &nbsp; &#8222;EUROPA, eine gro\u00dfartige Idee, verkommt im kleingeistigen Morast eitler Selbstdarstellung. Als b\u00fcrgerfreundliche Gemeinschaft gegr\u00fcndet und dem neoliberalen Egoismus geopfert&#8220;.<\/p>\n","protected":false},"author":2,"featured_media":0,"comment_status":"open","ping_status":"open","sticky":false,"template":"","format":"standard","meta":{"ngg_post_thumbnail":0,"footnotes":""},"categories":[6],"tags":[45,11,33],"class_list":["post-1241","post","type-post","status-publish","format-standard","hentry","category-bilder","tag-acryl","tag-bilder-2","tag-klaus-stein"],"_links":{"self":[{"href":"http:\/\/gegenstein.de\/index.php?rest_route=\/wp\/v2\/posts\/1241","targetHints":{"allow":["GET"]}}],"collection":[{"href":"http:\/\/gegenstein.de\/index.php?rest_route=\/wp\/v2\/posts"}],"about":[{"href":"http:\/\/gegenstein.de\/index.php?rest_route=\/wp\/v2\/types\/post"}],"author":[{"embeddable":true,"href":"http:\/\/gegenstein.de\/index.php?rest_route=\/wp\/v2\/users\/2"}],"replies":[{"embeddable":true,"href":"http:\/\/gegenstein.de\/index.php?rest_route=%2Fwp%2Fv2%2Fcomments&post=1241"}],"version-history":[{"count":2,"href":"http:\/\/gegenstein.de\/index.php?rest_route=\/wp\/v2\/posts\/1241\/revisions"}],"predecessor-version":[{"id":1249,"href":"http:\/\/gegenstein.de\/index.php?rest_route=\/wp\/v2\/posts\/1241\/revisions\/1249"}],"wp:attachment":[{"href":"http:\/\/gegenstein.de\/index.php?rest_route=%2Fwp%2Fv2%2Fmedia&parent=1241"}],"wp:term":[{"taxonomy":"category","embeddable":true,"href":"http:\/\/gegenstein.de\/index.php?rest_route=%2Fwp%2Fv2%2Fcategories&post=1241"},{"taxonomy":"post_tag","embeddable":true,"href":"http:\/\/gegenstein.de\/index.php?rest_route=%2Fwp%2Fv2%2Ftags&post=1241"}],"curies":[{"name":"wp","href":"https:\/\/api.w.org\/{rel}","templated":true}]}}